{"id":4141,"date":"2021-10-27T06:10:14","date_gmt":"2021-10-27T06:10:14","guid":{"rendered":"https:\/\/dataprotectionsolutions.hu\/?p=4141"},"modified":"2022-11-28T15:53:38","modified_gmt":"2022-11-28T15:53:38","slug":"felismered-ha-kozos-adatkezelesi-helyzetbe-kerulsz-i-resz","status":"publish","type":"post","link":"https:\/\/dataprotectionsolutions.hu\/en\/2021\/10\/27\/felismered-ha-kozos-adatkezelesi-helyzetbe-kerulsz-i-resz\/","title":{"rendered":"Felismered ha k\u00f6z\u00f6s adatkezel\u00e9si helyzetbe ker\u00fclsz? I. r\u00e9sz"},"content":{"rendered":"<p><span style=\"font-weight: 400;\">Az \u00c1ltal\u00e1nos Adatv\u00e9delmi Rendelet, vagyis a <\/span><a href=\"https:\/\/eur-lex.europa.eu\/legal-content\/EN\/TXT\/HTML\/?uri=CELEX:32016R0679&amp;from=HU\"><span style=\"font-weight: 400;\">GDPR<\/span><\/a><span style=\"font-weight: 400;\"> rendelkezik egy saj\u00e1tos jogint\u00e9zm\u00e9nyr\u0151l, amelynek a neve k\u00f6z\u00f6s adatkezel\u00e9s. A GDPR 26. cikke \u00e9rtelm\u00e9ben akkor besz\u00e9lhet\u00fcnk k\u00f6z\u00f6s adatkezel\u00e9sr\u0151l, ha az <\/span><span style=\"color: #000080;\"><b>adatkezel\u00e9s c\u00e9ljait \u00e9s eszk\u00f6zeit k\u00e9t vagy t\u00f6bb adatkezel\u0151 k\u00f6z\u00f6sen hat\u00e1rozza meg. <\/b><\/span><span style=\"font-weight: 400;\">E min\u0151s\u00edt\u00e9s abb\u00f3l a szempontb\u00f3l jelent\u0151s, hogy k\u00f6z\u00f6s adatkezel\u00e9s eset\u00e9n az adatkezel\u0151ket bizonyos t\u00f6bbletk\u00f6telezetts\u00e9gek is terhelik, \u00fagy mint egy k\u00f6z\u00f6s adatkezel\u00e9si meg\u00e1llapod\u00e1s megk\u00f6t\u00e9se, amelyben meg kell hat\u00e1rozniuk a GDPR-b\u00f3l foly\u00f3 k\u00f6telezetts\u00e9geik megoszt\u00e1s\u00e1t \u00e9s feladataikat. Ennek a meg\u00e1llapod\u00e1snak egy r\u00f6vid\u00edtett v\u00e1ltozat\u00e1t pedig az \u00e9rintettek rendelkez\u00e9s\u00e9re kell bocs\u00e1tani, amit c\u00e9lszer\u0171 m\u00e1r az adatkezel\u00e9si t\u00e1j\u00e9koztat\u00f3ban megtenni. Fontos, hogy e meg\u00e1llapod\u00e1s megk\u00f6t\u00e9s\u00e9re sor ker\u00fclj\u00f6n, ugyanis az \u00e9rintettek mindegyik adatkezel\u0151vel szemben gyakorolhatj\u00e1k jogaikat \u00e9s egy rendezetlen jogi helyzet eset\u00e9ben sokkal nehezebb az adatkezel\u0151k k\u00f6telezetts\u00e9geit \u00e9s feladatait elhat\u00e1rolni egym\u00e1st\u00f3l, nem besz\u00e9lve arr\u00f3l, hogy a meg\u00e1llapod\u00e1s elmulaszt\u00e1sa ak\u00e1r <\/span><a href=\"https:\/\/dataprotectionsolutions.hu\/en\/2021\/08\/29\/milyen-kovetkezmenyekkel-jar-ha-megsertem-a-gdpr-t%e2%80%8b\/\"><span style=\"font-weight: 400;\">k\u00f6zigazgat\u00e1si b\u00edrs\u00e1got <\/span><\/a><span style=\"font-weight: 400;\">is mag\u00e1val hozhat.<\/span><\/p>\n<p><span style=\"font-weight: 400;\">N\u00e9h\u00e1ny h\u00f3nappal ezel\u0151ttig csup\u00e1n az Eur\u00f3pai Uni\u00f3 B\u00edr\u00f3s\u00e1g\u00e1nak esetjoga tartalmazott n\u00e9mi ir\u00e1nymutat\u00e1st a tekintetben, hogy vajon mikor is besz\u00e9lhet\u00fcnk eg\u00e9szen pontosan k\u00f6z\u00f6s adatkezel\u00e9si helyzetekr\u0151l. A <\/span><a href=\"https:\/\/curia.europa.eu\/juris\/document\/document.jsf;jsessionid=95A680C26D9BC475C311C8BCDA88BE4F?text&amp;docid=216555&amp;pageIndex=0&amp;doclang=hu&amp;mode=req&amp;dir&amp;occ=first&amp;part=1&amp;cid=4762414\"><span style=\"font-weight: 400;\">Fashion ID \u00fcgyben<\/span><\/a><span style=\"font-weight: 400;\"> p\u00e9ld\u00e1ul a Facebook-os tetszik gomb elhelyez\u00e9se kapcs\u00e1n \u00e1llap\u00edtott meg a luxemburgi test\u00fclet k\u00f6z\u00f6s adatkezel\u00e9st. Err\u0151l <\/span><a href=\"https:\/\/dataprotectionsolutions.hu\/en\/beepitett-facebook-like-gombot-hasznalsz-a-weboldaladon-akkor-mindenkeppen-olvasd-el-ezt-a-cikket\/\"><span style=\"font-weight: 400;\">itt <\/span><\/a><span style=\"font-weight: 400;\">\u00edrtunk r\u00e9szletesen.<\/span><\/p>\n<p><span style=\"font-weight: 400;\">2021 j\u00falius\u00e1ban azonban a helyzet megv\u00e1ltozott, ugyanis az Eur\u00f3pai Adatv\u00e9delmi Test\u00fclet kiadta 07\/2020-as ir\u00e1nymutat\u00e1s\u00e1t, amelyben az adatkezel\u0151kr\u0151l \u00e9s az adatfeldolgoz\u00f3kr\u00f3l \u00e9rtekezik. Az ir\u00e1nymutat\u00e1s jelenleg csak angolul \u00e9rhet\u0151 el <\/span><a href=\"https:\/\/edpb.europa.eu\/our-work-tools\/our-documents\/guidelines\/guidelines-072020-concepts-controller-and-processor-gdpr_hu\"><span style=\"font-weight: 400;\">itt<\/span><\/a><span style=\"font-weight: 400;\">.\u00a0<\/span><\/p>\n<p style=\"text-align: center;\"><span style=\"color: #000080;\"><b>Mikor besz\u00e9lhet\u00fcnk k\u00f6z\u00f6s adatkezel\u00e9sr\u0151l?<\/b><\/span><\/p>\n<p><span style=\"font-weight: 400;\">Az Ir\u00e1nymutat\u00e1s a GDPR alapj\u00e1n a k\u00f6z\u00f6s adatkezel\u00e9st \u00fagy hat\u00e1rozza meg, hogy k\u00e9t vagy t\u00f6bb entit\u00e1s k\u00f6z\u00f6sen hat\u00e1rozza meg az adatkezel\u00e9s c\u00e9ljait \u00e9s eszk\u00f6zeit.<\/span><\/p>\n<p><span style=\"font-weight: 400;\">Akkor besz\u00e9l\u00fcnk az adatkezel\u00e9s c\u00e9ljainak \u00e9s eszk\u00f6zeinek <\/span><b><span style=\"color: #000080;\">k\u00f6z\u00f6s meghat\u00e1roz\u00e1s\u00e1r\u00f3l,<\/span> <\/b><span style=\"font-weight: 400;\">ha az adatkezel\u0151k <\/span><span style=\"color: #000080;\"><b>k\u00f6z\u00f6sen hoznak meg egy d\u00f6nt\u00e9st, vagy egy ir\u00e1nyba tart\u00f3, konverg\u00e1l\u00f3 d\u00f6nt\u00e9seket hoznak. <\/b><\/span><span style=\"font-weight: 400;\">Ez ut\u00f3bbi helyzet akkor val\u00f3sul meg, ha a d\u00f6nt\u00e9sek kieg\u00e9sz\u00edtik egym\u00e1st \u00e9s azok \u00e9rezhet\u0151 hat\u00e1st gyakorolnak az adatkezel\u00e9si c\u00e9lok \u00e9s eszk\u00f6z\u00f6k meghat\u00e1roz\u00e1s\u00e1ra. Ez voltak\u00e9ppen azt jelenti, hogy akkor besz\u00e9l\u00fcnk ilyen d\u00f6nt\u00e9sr\u0151l, ha minden f\u00e9l r\u00e9szv\u00e9tel n\u00e9lk\u00fcl nem lenne lehets\u00e9ges az adatkezel\u00e9s, teh\u00e1t a k\u00e9t entit\u00e1s tev\u00e9kenys\u00e9ge elv\u00e1laszthatatlan egym\u00e1st\u00f3l.<\/span><\/p>\n<p><span style=\"font-weight: 400;\">A <\/span><span style=\"color: #000080;\"><b>k\u00f6z\u00f6sen meghat\u00e1rozott c\u00e9l<\/b><\/span><span style=\"font-weight: 400;\"> akkor \u00e1llap\u00edthat\u00f3 meg, ha az entit\u00e1sok \u00e1ltal meghat\u00e1rozott <\/span><b><span style=\"color: #000080;\">c\u00e9lok szorosan kapcsol\u00f3dnak egym\u00e1shoz, vagy kieg\u00e9sz\u00edtik egym\u00e1st.<\/span> <\/b><span style=\"font-weight: 400;\">Ilyenre akkor ker\u00fclhet sor, ha minden f\u00e9l profit\u00e1l az adatkezel\u00e9sb\u0151l. Ugyanakkor azt is meg kell jegyezni, hogy a k\u00f6z\u00f6s el\u0151ny \u00f6nmag\u00e1ban nem alapozza meg a k\u00f6z\u00f6s adatkezl\u00e9st, hiszen ha az egyik f\u00e9lnek nincsenek \u00f6n\u00e1ll\u00f3 c\u00e9ljai vagy \u00e9ppen eszk\u00f6zei az adatkezel\u00e9s tekintet\u00e9ben \u00e9s a m\u00e1sik f\u00e9l puszt\u00e1n fizet az \u00e1ltala ny\u00fajtott szolg\u00e1ltat\u00e1s\u00e9rt, akkor alapvet\u0151en adatfeldolgoz\u00f3k\u00e9nt kell r\u00e1 tekinten\u00fcnk.<\/span><\/p>\n<p><span style=\"font-weight: 400;\">Az adatkezel\u00e9s <\/span><span style=\"color: #000080;\"><b>eszk\u00f6zeinek k\u00f6z\u00f6s meghat\u00e1roz\u00e1sa <\/b><\/span><span style=\"font-weight: 400;\">nem csak akkor val\u00f3sul meg, ha a minden adatkezel\u0151 minden eszk\u00f6z meghat\u00e1roz\u00e1s\u00e1ban r\u00e9szt vesz, hanem akkor is, ha az egyik f\u00e9l el\u00e9rhet\u0151v\u00e9 tesz egy adatkezel\u00e9si eszk\u00f6zt egy m\u00e1sik adatkezel\u0151 sz\u00e1m\u00e1ra, aki ezt haszn\u00e1lja is. P\u00e9ld\u00e1nak ok\u00e1\u00e9rt az Eur\u00f3pai Uni\u00f3 B\u00edr\u00f3s\u00e1ga a <\/span><a href=\"https:\/\/curia.europa.eu\/juris\/document\/document.jsf?text=&amp;docid=202543&amp;pageIndex=0&amp;doclang=HU&amp;mode=lst&amp;dir=&amp;occ=first&amp;part=1&amp;cid=26106775\"><span style=\"font-weight: 400;\">Wirtschaftsakademie \u00fcgyben<\/span><\/a><span style=\"font-weight: 400;\"> meg\u00e1llap\u00edtotta, hogy egy Facebook-os rajong\u00f3i oldal adminisztr\u00e1tora k\u00f6z\u00f6s adatkezel\u0151nek tekinthet\u0151 a Facebook-kal, hiszen el\u0151bbi hat\u00e1rozza meg a c\u00e9lk\u00f6z\u00f6ns\u00e9g\u00e9t \u00e9s a kezel\u00e9s valamint a hirdet\u00e9s c\u00e9ljait is.<\/span><\/p>\n<p style=\"text-align: center;\"><span style=\"color: #000080;\"><b>N\u00e9zz\u00fcnk n\u00e9h\u00e1ny p\u00e9ld\u00e1t<\/b><\/span><\/p>\n<p><span style=\"font-weight: 400;\">Egy fejvad\u00e1sz c\u00e9g seg\u00edt \u00faj munkav\u00e1llal\u00f3kat felvenni egy v\u00e1llalkoz\u00e1snak. A fejvad\u00e1sz c\u00e9g saj\u00e1t adatb\u00e1zis\u00e1b\u00f3l, valamint a v\u00e1llalkoz\u00e1s \u00e1ltal rendelkez\u00e9s\u00e9re bocs\u00e1tott \u00f6n\u00e9letrajzokb\u00f3l keres megfelel\u0151 jel\u00f6ltet a v\u00e1llalkoz\u00e1s sz\u00e1m\u00e1ra. Ilyen esetben a k\u00e9t entit\u00e1s r\u00e9sz\u00e9r\u0151l egy ir\u00e1nyba tart\u00f3, egym\u00e1sba konverg\u00e1l\u00f3 d\u00f6nt\u00e9sekr\u0151l besz\u00e9l\u00fcnk, azaz e vonatkoz\u00f3 adatkezel\u00e9s tekintet\u00e9ben k\u00f6z\u00f6s adatkezel\u0151nek min\u0151s\u00fclnek. E k\u00f6z\u00f6s adatkezel\u0151i min\u0151s\u00e9g viszont a v\u00e1llalkoz\u00e1st\u00f3l rendelkez\u00e9sre bocs\u00e1tott CV-kb\u0151l fakad. Abban az esetben ha a fejvad\u00e1sz c\u00e9g csak saj\u00e1t adatb\u00e1zis\u00e1b\u00f3l a v\u00e1llalkoz\u00e1s \u00e1ltal meghat\u00e1rozott krit\u00e9riumok ment\u00e9n v\u00e1lasztana ki jel\u00f6lteket a v\u00e1llalkoz\u00e1s sz\u00e1m\u00e1ra, \u00fagy egyszer\u0171en adatfeldolgoz\u00f3i jogviszonyr\u00f3l besz\u00e9lhetn\u00e9nk.<\/span><\/p>\n<p><span style=\"font-weight: 400;\">A fentiekhez hasonl\u00f3an k\u00f6z\u00f6s adatkezel\u00e9si helyzettel tal\u00e1lkozunk akkor, ha k\u00e9t c\u00e9g egy k\u00f6z\u00f6s term\u00e9ket fejleszt, amelyet egy\u00fctt kiv\u00e1nnak promot\u00e1lni. A hirdet\u00e9st \u00fagy val\u00f3s\u00edtj\u00e1k meg, hogy megosztj\u00e1k egym\u00e1ssal \u00fcgyf\u00e9l adatb\u00e1zisaikat, meghat\u00e1rozz\u00e1k, hogy milyen form\u00e1ban k\u00edv\u00e1nj\u00e1k megval\u00f3s\u00edtani a prom\u00f3ci\u00f3t, pl. rendezv\u00e9ny szervez\u00e9se. Kit \u00e9s milyen felt\u00e9telekkel h\u00edvnak meg, hogyan k\u00e9rnek visszajelz\u00e9st az \u00fcgyfelekt\u0151l stb. Ilyen esetben mivel a felek k\u00f6z\u00f6sen d\u00f6ntenek az adatkezel\u00e9s c\u00e9ljai \u00e9s eszk\u00f6zei tekintet\u00e9ben mindenk\u00e9ppen k\u00f6z\u00f6s adatkezel\u0151nek fognak min\u0151s\u00fclni.<\/span><\/p>\n<p><span style=\"color: #000080;\"><b>A k\u00f6vetkez\u0151 r\u00e9szben r\u00e9szletesen k\u00f6rbej\u00e1rjuk a k\u00f6z\u00f6s adatkezel\u00e9si meg\u00e1llapod\u00e1sokat, azaz, hogy miben sz\u00fcks\u00e9ges meg\u00e1llapodni egy k\u00f6z\u00f6s adatkezel\u00e9si helyzet eset\u00e9ben.<\/b><\/span><\/p>\n<p><i><span style=\"font-weight: 400;\">Vegye ig\u00e9nybe a Data Protection Solutions szolg\u00e1ltat\u00e1sait \u00e9s forduljon hozz\u00e1nk, \u00e9s mi tan\u00e1csot adunk adatkezel\u00e9si folyamatainak optimaliz\u00e1l\u00e1sa tekintet\u00e9ben, hogy a v\u00e1llalkoz\u00e1s sz\u00e1m\u00e1ra a lehet\u0151 legegyszer\u0171bb legyen az adatv\u00e9delmi megfelel\u00e9s, m\u00e9g k\u00f6z\u00f6s adatkezel\u00e9si helyzetekben is.<\/span><\/i><\/p>\n<p><em><span style=\"font-weight: 400;\">info@dataprotectionsolutions.hu<\/span><\/em><\/p>\n<p style=\"text-align: right;\"><em><span style=\"font-weight: 400;\">Data Protection Solutions csapata<\/span><\/em><\/p>\n<p>&nbsp;<\/p>\n<p>(Photo by <a href=\"https:\/\/unsplash.com\/@charlesdeluvio?utm_source=unsplash&amp;utm_medium=referral&amp;utm_content=creditCopyText\">Charles Deluvio<\/a> on <a href=\"https:\/\/unsplash.com\/s\/photos\/partner?utm_source=unsplash&amp;utm_medium=referral&amp;utm_content=creditCopyText\">Unsplash<\/a>)<\/p>","protected":false},"excerpt":{"rendered":"<p>Az \u00c1ltal\u00e1nos Adatv\u00e9delmi Rendelet, vagyis a GDPR rendelkezik egy saj\u00e1tos jogint\u00e9zm\u00e9nyr\u0151l, amelynek a neve k\u00f6z\u00f6s adatkezel\u00e9s. A GDPR 26. cikke \u00e9rtelm\u00e9ben akkor besz\u00e9lhet\u00fcnk k\u00f6z\u00f6s adatkezel\u00e9sr\u0151l, ha az adatkezel\u00e9s c\u00e9ljait \u00e9s eszk\u00f6zeit k\u00e9t vagy t\u00f6bb adatkezel\u0151 k\u00f6z\u00f6sen hat\u00e1rozza meg. E min\u0151s\u00edt\u00e9s abb\u00f3l a szempontb\u00f3l jelent\u0151s, hogy k\u00f6z\u00f6s adatkezel\u00e9s eset\u00e9n az adatkezel\u0151ket bizonyos t\u00f6bbletk\u00f6telezetts\u00e9gek is terhelik, \u00fagy [&hellip;]<\/p>\n","protected":false},"author":1,"featured_media":4142,"comment_status":"closed","ping_status":"closed","sticky":false,"template":"","format":"standard","meta":{"site-sidebar-layout":"default","site-content-layout":"default","ast-site-content-layout":"default","site-content-style":"default","site-sidebar-style":"default","ast-global-header-display":"","ast-banner-title-visibility":"","ast-main-header-display":"","ast-hfb-above-header-display":"","ast-hfb-below-header-display":"","ast-hfb-mobile-header-display":"","site-post-title":"","ast-breadcrumbs-content":"","ast-featured-img":"","footer-sml-layout":"","ast-disable-related-posts":"","theme-transparent-header-meta":"default","adv-header-id-meta":"","stick-header-meta":"","header-above-stick-meta":"","header-main-stick-meta":"","header-below-stick-meta":"","astra-migrate-meta-layouts":"default","ast-page-background-enabled":"default","ast-page-background-meta":{"desktop":{"background-color":"var(--ast-global-color-4)","background-image":"","background-repeat":"repeat","background-position":"center center","background-size":"auto","background-attachment":"scroll","background-type":"","background-media":"","overlay-type":"","overlay-color":"","overlay-opacity":"","overlay-gradient":""},"tablet":{"background-color":"","background-image":"","background-repeat":"repeat","background-position":"center center","background-size":"auto","background-attachment":"scroll","background-type":"","background-media":"","overlay-type":"","overlay-color":"","overlay-opacity":"","overlay-gradient":""},"mobile":{"background-color":"","background-image":"","background-repeat":"repeat","background-position":"center center","background-size":"auto","background-attachment":"scroll","background-type":"","background-media":"","overlay-type":"","overlay-color":"","overlay-opacity":"","overlay-gradient":""}},"ast-content-background-meta":{"desktop":{"background-color":"var(--ast-global-color-5)","background-image":"","background-repeat":"repeat","background-position":"center center","background-size":"auto","background-attachment":"scroll","background-type":"","background-media":"","overlay-type":"","overlay-color":"","overlay-opacity":"","overlay-gradient":""},"tablet":{"background-color":"var(--ast-global-color-5)","background-image":"","background-repeat":"repeat","background-position":"center center","background-size":"auto","background-attachment":"scroll","background-type":"","background-media":"","overlay-type":"","overlay-color":"","overlay-opacity":"","overlay-gradient":""},"mobile":{"background-color":"var(--ast-global-color-5)","background-image":"","background-repeat":"repeat","background-position":"center center","background-size":"auto","background-attachment":"scroll","background-type":"","background-media":"","overlay-type":"","overlay-color":"","overlay-opacity":"","overlay-gradient":""}},"footnotes":""},"categories":[1],"tags":[20],"class_list":["post-4141","post","type-post","status-publish","format-standard","has-post-thumbnail","hentry","category-blog-hu","tag-magyar"],"yoast_head":"<!-- This site is optimized with the Yoast SEO plugin v27.5 - https:\/\/yoast.com\/product\/yoast-seo-wordpress\/ -->\n<title>Felismered ha k\u00f6z\u00f6s adatkezel\u00e9si helyzetbe ker\u00fclsz? I. r\u00e9sz<\/title>\n<meta name=\"description\" content=\"Az \u00c1ltal\u00e1nos Adatv\u00e9delmi Rendelet, vagyis a GDPR rendelkezik egy saj\u00e1tos jogint\u00e9zm\u00e9nyr\u0151l, amelynek a neve k\u00f6z\u00f6s adatkezel\u00e9s. A GDPR 26. cikke \u00e9rtelm\u00e9ben akkor besz\u00e9lhet\u00fcnk k\u00f6z\u00f6s adatkezel\u00e9sr\u0151l, ha az adatkezel\u00e9s c\u00e9ljait \u00e9s eszk\u00f6zeit k\u00e9t vagy t\u00f6bb adatkezel\u0151 k\u00f6z\u00f6sen hat\u00e1rozza meg.\" \/>\n<meta name=\"robots\" content=\"index, follow, max-snippet:-1, max-image-preview:large, max-video-preview:-1\" \/>\n<link rel=\"canonical\" href=\"https:\/\/dataprotectionsolutions.hu\/en\/2021\/10\/27\/felismered-ha-kozos-adatkezelesi-helyzetbe-kerulsz-i-resz\/\" \/>\n<meta property=\"og:locale\" content=\"en_US\" \/>\n<meta property=\"og:type\" content=\"article\" \/>\n<meta property=\"og:title\" content=\"Felismered ha k\u00f6z\u00f6s adatkezel\u00e9si helyzetbe ker\u00fclsz? I. r\u00e9sz\" \/>\n<meta property=\"og:description\" content=\"Az \u00c1ltal\u00e1nos Adatv\u00e9delmi Rendelet, vagyis a GDPR rendelkezik egy saj\u00e1tos jogint\u00e9zm\u00e9nyr\u0151l, amelynek a neve k\u00f6z\u00f6s adatkezel\u00e9s. A GDPR 26. cikke \u00e9rtelm\u00e9ben akkor besz\u00e9lhet\u00fcnk k\u00f6z\u00f6s adatkezel\u00e9sr\u0151l, ha az adatkezel\u00e9s c\u00e9ljait \u00e9s eszk\u00f6zeit k\u00e9t vagy t\u00f6bb adatkezel\u0151 k\u00f6z\u00f6sen hat\u00e1rozza meg.\" \/>\n<meta property=\"og:url\" content=\"https:\/\/dataprotectionsolutions.hu\/en\/2021\/10\/27\/felismered-ha-kozos-adatkezelesi-helyzetbe-kerulsz-i-resz\/\" \/>\n<meta property=\"og:site_name\" content=\"Data Protection Solutions\" \/>\n<meta property=\"article:published_time\" content=\"2021-10-27T06:10:14+00:00\" \/>\n<meta property=\"article:modified_time\" content=\"2022-11-28T15:53:38+00:00\" \/>\n<meta property=\"og:image\" content=\"https:\/\/dataprotectionsolutions.hu\/wp-content\/uploads\/2021\/10\/charles-deluvio-AT5vuPoi8vc-unsplash.jpg\" \/>\n\t<meta property=\"og:image:width\" content=\"1919\" \/>\n\t<meta property=\"og:image:height\" content=\"1712\" \/>\n\t<meta property=\"og:image:type\" content=\"image\/jpeg\" \/>\n<meta name=\"author\" content=\"admin\" \/>\n<meta name=\"twitter:card\" content=\"summary_large_image\" \/>\n<meta name=\"twitter:label1\" content=\"Written by\" \/>\n\t<meta name=\"twitter:data1\" content=\"admin\" \/>\n\t<meta name=\"twitter:label2\" content=\"Est. reading time\" \/>\n\t<meta name=\"twitter:data2\" content=\"3 minutes\" \/>\n<script type=\"application\/ld+json\" class=\"yoast-schema-graph\">{\"@context\":\"https:\\\/\\\/schema.org\",\"@graph\":[{\"@type\":\"Article\",\"@id\":\"https:\\\/\\\/dataprotectionsolutions.hu\\\/2021\\\/10\\\/27\\\/felismered-ha-kozos-adatkezelesi-helyzetbe-kerulsz-i-resz\\\/#article\",\"isPartOf\":{\"@id\":\"https:\\\/\\\/dataprotectionsolutions.hu\\\/2021\\\/10\\\/27\\\/felismered-ha-kozos-adatkezelesi-helyzetbe-kerulsz-i-resz\\\/\"},\"author\":{\"name\":\"admin\",\"@id\":\"https:\\\/\\\/dataprotectionsolutions.hu\\\/#\\\/schema\\\/person\\\/aa891b846c16517d56b1706074423087\"},\"headline\":\"Felismered ha k\u00f6z\u00f6s adatkezel\u00e9si helyzetbe ker\u00fclsz? I. r\u00e9sz\",\"datePublished\":\"2021-10-27T06:10:14+00:00\",\"dateModified\":\"2022-11-28T15:53:38+00:00\",\"mainEntityOfPage\":{\"@id\":\"https:\\\/\\\/dataprotectionsolutions.hu\\\/2021\\\/10\\\/27\\\/felismered-ha-kozos-adatkezelesi-helyzetbe-kerulsz-i-resz\\\/\"},\"wordCount\":1172,\"publisher\":{\"@id\":\"https:\\\/\\\/dataprotectionsolutions.hu\\\/#organization\"},\"image\":{\"@id\":\"https:\\\/\\\/dataprotectionsolutions.hu\\\/2021\\\/10\\\/27\\\/felismered-ha-kozos-adatkezelesi-helyzetbe-kerulsz-i-resz\\\/#primaryimage\"},\"thumbnailUrl\":\"https:\\\/\\\/dataprotectionsolutions.hu\\\/wp-content\\\/uploads\\\/2021\\\/10\\\/charles-deluvio-AT5vuPoi8vc-unsplash.jpg\",\"keywords\":[\"magyar\"],\"articleSection\":[\"Blog-HU\"],\"inLanguage\":\"en-US\"},{\"@type\":\"WebPage\",\"@id\":\"https:\\\/\\\/dataprotectionsolutions.hu\\\/2021\\\/10\\\/27\\\/felismered-ha-kozos-adatkezelesi-helyzetbe-kerulsz-i-resz\\\/\",\"url\":\"https:\\\/\\\/dataprotectionsolutions.hu\\\/2021\\\/10\\\/27\\\/felismered-ha-kozos-adatkezelesi-helyzetbe-kerulsz-i-resz\\\/\",\"name\":\"Felismered ha k\u00f6z\u00f6s adatkezel\u00e9si helyzetbe ker\u00fclsz? I. r\u00e9sz\",\"isPartOf\":{\"@id\":\"https:\\\/\\\/dataprotectionsolutions.hu\\\/#website\"},\"primaryImageOfPage\":{\"@id\":\"https:\\\/\\\/dataprotectionsolutions.hu\\\/2021\\\/10\\\/27\\\/felismered-ha-kozos-adatkezelesi-helyzetbe-kerulsz-i-resz\\\/#primaryimage\"},\"image\":{\"@id\":\"https:\\\/\\\/dataprotectionsolutions.hu\\\/2021\\\/10\\\/27\\\/felismered-ha-kozos-adatkezelesi-helyzetbe-kerulsz-i-resz\\\/#primaryimage\"},\"thumbnailUrl\":\"https:\\\/\\\/dataprotectionsolutions.hu\\\/wp-content\\\/uploads\\\/2021\\\/10\\\/charles-deluvio-AT5vuPoi8vc-unsplash.jpg\",\"datePublished\":\"2021-10-27T06:10:14+00:00\",\"dateModified\":\"2022-11-28T15:53:38+00:00\",\"description\":\"Az \u00c1ltal\u00e1nos Adatv\u00e9delmi Rendelet, vagyis a GDPR rendelkezik egy saj\u00e1tos jogint\u00e9zm\u00e9nyr\u0151l, amelynek a neve k\u00f6z\u00f6s adatkezel\u00e9s. A GDPR 26. cikke \u00e9rtelm\u00e9ben akkor besz\u00e9lhet\u00fcnk k\u00f6z\u00f6s adatkezel\u00e9sr\u0151l, ha az adatkezel\u00e9s c\u00e9ljait \u00e9s eszk\u00f6zeit k\u00e9t vagy t\u00f6bb adatkezel\u0151 k\u00f6z\u00f6sen hat\u00e1rozza meg.\",\"breadcrumb\":{\"@id\":\"https:\\\/\\\/dataprotectionsolutions.hu\\\/2021\\\/10\\\/27\\\/felismered-ha-kozos-adatkezelesi-helyzetbe-kerulsz-i-resz\\\/#breadcrumb\"},\"inLanguage\":\"en-US\",\"potentialAction\":[{\"@type\":\"ReadAction\",\"target\":[\"https:\\\/\\\/dataprotectionsolutions.hu\\\/2021\\\/10\\\/27\\\/felismered-ha-kozos-adatkezelesi-helyzetbe-kerulsz-i-resz\\\/\"]}]},{\"@type\":\"ImageObject\",\"inLanguage\":\"en-US\",\"@id\":\"https:\\\/\\\/dataprotectionsolutions.hu\\\/2021\\\/10\\\/27\\\/felismered-ha-kozos-adatkezelesi-helyzetbe-kerulsz-i-resz\\\/#primaryimage\",\"url\":\"https:\\\/\\\/dataprotectionsolutions.hu\\\/wp-content\\\/uploads\\\/2021\\\/10\\\/charles-deluvio-AT5vuPoi8vc-unsplash.jpg\",\"contentUrl\":\"https:\\\/\\\/dataprotectionsolutions.hu\\\/wp-content\\\/uploads\\\/2021\\\/10\\\/charles-deluvio-AT5vuPoi8vc-unsplash.jpg\",\"width\":1919,\"height\":1712},{\"@type\":\"BreadcrumbList\",\"@id\":\"https:\\\/\\\/dataprotectionsolutions.hu\\\/2021\\\/10\\\/27\\\/felismered-ha-kozos-adatkezelesi-helyzetbe-kerulsz-i-resz\\\/#breadcrumb\",\"itemListElement\":[{\"@type\":\"ListItem\",\"position\":1,\"name\":\"Kezd\u0151lap\",\"item\":\"https:\\\/\\\/dataprotectionsolutions.hu\\\/\"},{\"@type\":\"ListItem\",\"position\":2,\"name\":\"Felismered ha k\u00f6z\u00f6s adatkezel\u00e9si helyzetbe ker\u00fclsz? I. r\u00e9sz\"}]},{\"@type\":\"WebSite\",\"@id\":\"https:\\\/\\\/dataprotectionsolutions.hu\\\/#website\",\"url\":\"https:\\\/\\\/dataprotectionsolutions.hu\\\/\",\"name\":\"Data Protection Solutions\",\"description\":\"Adatv\u00e9delmi tan\u00e1csad\u00e1s\",\"publisher\":{\"@id\":\"https:\\\/\\\/dataprotectionsolutions.hu\\\/#organization\"},\"potentialAction\":[{\"@type\":\"SearchAction\",\"target\":{\"@type\":\"EntryPoint\",\"urlTemplate\":\"https:\\\/\\\/dataprotectionsolutions.hu\\\/?s={search_term_string}\"},\"query-input\":{\"@type\":\"PropertyValueSpecification\",\"valueRequired\":true,\"valueName\":\"search_term_string\"}}],\"inLanguage\":\"en-US\"},{\"@type\":\"Organization\",\"@id\":\"https:\\\/\\\/dataprotectionsolutions.hu\\\/#organization\",\"name\":\"Data Protection Solutions\",\"url\":\"https:\\\/\\\/dataprotectionsolutions.hu\\\/\",\"logo\":{\"@type\":\"ImageObject\",\"inLanguage\":\"en-US\",\"@id\":\"https:\\\/\\\/dataprotectionsolutions.hu\\\/#\\\/schema\\\/logo\\\/image\\\/\",\"url\":\"https:\\\/\\\/dataprotectionsolutions.hu\\\/wp-content\\\/uploads\\\/2021\\\/06\\\/logo_finalkek_szoveggel-hatter.png\",\"contentUrl\":\"https:\\\/\\\/dataprotectionsolutions.hu\\\/wp-content\\\/uploads\\\/2021\\\/06\\\/logo_finalkek_szoveggel-hatter.png\",\"width\":1605,\"height\":1560,\"caption\":\"Data Protection Solutions\"},\"image\":{\"@id\":\"https:\\\/\\\/dataprotectionsolutions.hu\\\/#\\\/schema\\\/logo\\\/image\\\/\"}},{\"@type\":\"Person\",\"@id\":\"https:\\\/\\\/dataprotectionsolutions.hu\\\/#\\\/schema\\\/person\\\/aa891b846c16517d56b1706074423087\",\"name\":\"admin\",\"image\":{\"@type\":\"ImageObject\",\"inLanguage\":\"en-US\",\"@id\":\"https:\\\/\\\/secure.gravatar.com\\\/avatar\\\/94d2da9baf1c120061c11b0a099f82120de8b3dd2c62e5a21b86b5970558ccb9?s=96&d=mm&r=g\",\"url\":\"https:\\\/\\\/secure.gravatar.com\\\/avatar\\\/94d2da9baf1c120061c11b0a099f82120de8b3dd2c62e5a21b86b5970558ccb9?s=96&d=mm&r=g\",\"contentUrl\":\"https:\\\/\\\/secure.gravatar.com\\\/avatar\\\/94d2da9baf1c120061c11b0a099f82120de8b3dd2c62e5a21b86b5970558ccb9?s=96&d=mm&r=g\",\"caption\":\"admin\"},\"sameAs\":[\"https:\\\/\\\/dataprotectionsolutions.hu\"],\"url\":\"https:\\\/\\\/dataprotectionsolutions.hu\\\/en\\\/author\\\/admin\\\/\"}]}<\/script>\n<!-- \/ Yoast SEO plugin. -->","yoast_head_json":{"title":"Felismered ha k\u00f6z\u00f6s adatkezel\u00e9si helyzetbe ker\u00fclsz? I. r\u00e9sz","description":"Az \u00c1ltal\u00e1nos Adatv\u00e9delmi Rendelet, vagyis a GDPR rendelkezik egy saj\u00e1tos jogint\u00e9zm\u00e9nyr\u0151l, amelynek a neve k\u00f6z\u00f6s adatkezel\u00e9s. A GDPR 26. cikke \u00e9rtelm\u00e9ben akkor besz\u00e9lhet\u00fcnk k\u00f6z\u00f6s adatkezel\u00e9sr\u0151l, ha az adatkezel\u00e9s c\u00e9ljait \u00e9s eszk\u00f6zeit k\u00e9t vagy t\u00f6bb adatkezel\u0151 k\u00f6z\u00f6sen hat\u00e1rozza meg.","robots":{"index":"index","follow":"follow","max-snippet":"max-snippet:-1","max-image-preview":"max-image-preview:large","max-video-preview":"max-video-preview:-1"},"canonical":"https:\/\/dataprotectionsolutions.hu\/en\/2021\/10\/27\/felismered-ha-kozos-adatkezelesi-helyzetbe-kerulsz-i-resz\/","og_locale":"en_US","og_type":"article","og_title":"Felismered ha k\u00f6z\u00f6s adatkezel\u00e9si helyzetbe ker\u00fclsz? I. r\u00e9sz","og_description":"Az \u00c1ltal\u00e1nos Adatv\u00e9delmi Rendelet, vagyis a GDPR rendelkezik egy saj\u00e1tos jogint\u00e9zm\u00e9nyr\u0151l, amelynek a neve k\u00f6z\u00f6s adatkezel\u00e9s. A GDPR 26. cikke \u00e9rtelm\u00e9ben akkor besz\u00e9lhet\u00fcnk k\u00f6z\u00f6s adatkezel\u00e9sr\u0151l, ha az adatkezel\u00e9s c\u00e9ljait \u00e9s eszk\u00f6zeit k\u00e9t vagy t\u00f6bb adatkezel\u0151 k\u00f6z\u00f6sen hat\u00e1rozza meg.","og_url":"https:\/\/dataprotectionsolutions.hu\/en\/2021\/10\/27\/felismered-ha-kozos-adatkezelesi-helyzetbe-kerulsz-i-resz\/","og_site_name":"Data Protection Solutions","article_published_time":"2021-10-27T06:10:14+00:00","article_modified_time":"2022-11-28T15:53:38+00:00","og_image":[{"width":1919,"height":1712,"url":"https:\/\/dataprotectionsolutions.hu\/wp-content\/uploads\/2021\/10\/charles-deluvio-AT5vuPoi8vc-unsplash.jpg","type":"image\/jpeg"}],"author":"admin","twitter_card":"summary_large_image","twitter_misc":{"Written by":"admin","Est. reading time":"3 minutes"},"schema":{"@context":"https:\/\/schema.org","@graph":[{"@type":"Article","@id":"https:\/\/dataprotectionsolutions.hu\/2021\/10\/27\/felismered-ha-kozos-adatkezelesi-helyzetbe-kerulsz-i-resz\/#article","isPartOf":{"@id":"https:\/\/dataprotectionsolutions.hu\/2021\/10\/27\/felismered-ha-kozos-adatkezelesi-helyzetbe-kerulsz-i-resz\/"},"author":{"name":"admin","@id":"https:\/\/dataprotectionsolutions.hu\/#\/schema\/person\/aa891b846c16517d56b1706074423087"},"headline":"Felismered ha k\u00f6z\u00f6s adatkezel\u00e9si helyzetbe ker\u00fclsz? I. r\u00e9sz","datePublished":"2021-10-27T06:10:14+00:00","dateModified":"2022-11-28T15:53:38+00:00","mainEntityOfPage":{"@id":"https:\/\/dataprotectionsolutions.hu\/2021\/10\/27\/felismered-ha-kozos-adatkezelesi-helyzetbe-kerulsz-i-resz\/"},"wordCount":1172,"publisher":{"@id":"https:\/\/dataprotectionsolutions.hu\/#organization"},"image":{"@id":"https:\/\/dataprotectionsolutions.hu\/2021\/10\/27\/felismered-ha-kozos-adatkezelesi-helyzetbe-kerulsz-i-resz\/#primaryimage"},"thumbnailUrl":"https:\/\/dataprotectionsolutions.hu\/wp-content\/uploads\/2021\/10\/charles-deluvio-AT5vuPoi8vc-unsplash.jpg","keywords":["magyar"],"articleSection":["Blog-HU"],"inLanguage":"en-US"},{"@type":"WebPage","@id":"https:\/\/dataprotectionsolutions.hu\/2021\/10\/27\/felismered-ha-kozos-adatkezelesi-helyzetbe-kerulsz-i-resz\/","url":"https:\/\/dataprotectionsolutions.hu\/2021\/10\/27\/felismered-ha-kozos-adatkezelesi-helyzetbe-kerulsz-i-resz\/","name":"Felismered ha k\u00f6z\u00f6s adatkezel\u00e9si helyzetbe ker\u00fclsz? I. r\u00e9sz","isPartOf":{"@id":"https:\/\/dataprotectionsolutions.hu\/#website"},"primaryImageOfPage":{"@id":"https:\/\/dataprotectionsolutions.hu\/2021\/10\/27\/felismered-ha-kozos-adatkezelesi-helyzetbe-kerulsz-i-resz\/#primaryimage"},"image":{"@id":"https:\/\/dataprotectionsolutions.hu\/2021\/10\/27\/felismered-ha-kozos-adatkezelesi-helyzetbe-kerulsz-i-resz\/#primaryimage"},"thumbnailUrl":"https:\/\/dataprotectionsolutions.hu\/wp-content\/uploads\/2021\/10\/charles-deluvio-AT5vuPoi8vc-unsplash.jpg","datePublished":"2021-10-27T06:10:14+00:00","dateModified":"2022-11-28T15:53:38+00:00","description":"Az \u00c1ltal\u00e1nos Adatv\u00e9delmi Rendelet, vagyis a GDPR rendelkezik egy saj\u00e1tos jogint\u00e9zm\u00e9nyr\u0151l, amelynek a neve k\u00f6z\u00f6s adatkezel\u00e9s. A GDPR 26. cikke \u00e9rtelm\u00e9ben akkor besz\u00e9lhet\u00fcnk k\u00f6z\u00f6s adatkezel\u00e9sr\u0151l, ha az adatkezel\u00e9s c\u00e9ljait \u00e9s eszk\u00f6zeit k\u00e9t vagy t\u00f6bb adatkezel\u0151 k\u00f6z\u00f6sen hat\u00e1rozza meg.","breadcrumb":{"@id":"https:\/\/dataprotectionsolutions.hu\/2021\/10\/27\/felismered-ha-kozos-adatkezelesi-helyzetbe-kerulsz-i-resz\/#breadcrumb"},"inLanguage":"en-US","potentialAction":[{"@type":"ReadAction","target":["https:\/\/dataprotectionsolutions.hu\/2021\/10\/27\/felismered-ha-kozos-adatkezelesi-helyzetbe-kerulsz-i-resz\/"]}]},{"@type":"ImageObject","inLanguage":"en-US","@id":"https:\/\/dataprotectionsolutions.hu\/2021\/10\/27\/felismered-ha-kozos-adatkezelesi-helyzetbe-kerulsz-i-resz\/#primaryimage","url":"https:\/\/dataprotectionsolutions.hu\/wp-content\/uploads\/2021\/10\/charles-deluvio-AT5vuPoi8vc-unsplash.jpg","contentUrl":"https:\/\/dataprotectionsolutions.hu\/wp-content\/uploads\/2021\/10\/charles-deluvio-AT5vuPoi8vc-unsplash.jpg","width":1919,"height":1712},{"@type":"BreadcrumbList","@id":"https:\/\/dataprotectionsolutions.hu\/2021\/10\/27\/felismered-ha-kozos-adatkezelesi-helyzetbe-kerulsz-i-resz\/#breadcrumb","itemListElement":[{"@type":"ListItem","position":1,"name":"Kezd\u0151lap","item":"https:\/\/dataprotectionsolutions.hu\/"},{"@type":"ListItem","position":2,"name":"Felismered ha k\u00f6z\u00f6s adatkezel\u00e9si helyzetbe ker\u00fclsz? I. r\u00e9sz"}]},{"@type":"WebSite","@id":"https:\/\/dataprotectionsolutions.hu\/#website","url":"https:\/\/dataprotectionsolutions.hu\/","name":"Data Protection Solutions","description":"Data protection consultancy","publisher":{"@id":"https:\/\/dataprotectionsolutions.hu\/#organization"},"potentialAction":[{"@type":"SearchAction","target":{"@type":"EntryPoint","urlTemplate":"https:\/\/dataprotectionsolutions.hu\/?s={search_term_string}"},"query-input":{"@type":"PropertyValueSpecification","valueRequired":true,"valueName":"search_term_string"}}],"inLanguage":"en-US"},{"@type":"Organization","@id":"https:\/\/dataprotectionsolutions.hu\/#organization","name":"Data Protection Solutions","url":"https:\/\/dataprotectionsolutions.hu\/","logo":{"@type":"ImageObject","inLanguage":"en-US","@id":"https:\/\/dataprotectionsolutions.hu\/#\/schema\/logo\/image\/","url":"https:\/\/dataprotectionsolutions.hu\/wp-content\/uploads\/2021\/06\/logo_finalkek_szoveggel-hatter.png","contentUrl":"https:\/\/dataprotectionsolutions.hu\/wp-content\/uploads\/2021\/06\/logo_finalkek_szoveggel-hatter.png","width":1605,"height":1560,"caption":"Data Protection Solutions"},"image":{"@id":"https:\/\/dataprotectionsolutions.hu\/#\/schema\/logo\/image\/"}},{"@type":"Person","@id":"https:\/\/dataprotectionsolutions.hu\/#\/schema\/person\/aa891b846c16517d56b1706074423087","name":"admin","image":{"@type":"ImageObject","inLanguage":"en-US","@id":"https:\/\/secure.gravatar.com\/avatar\/94d2da9baf1c120061c11b0a099f82120de8b3dd2c62e5a21b86b5970558ccb9?s=96&d=mm&r=g","url":"https:\/\/secure.gravatar.com\/avatar\/94d2da9baf1c120061c11b0a099f82120de8b3dd2c62e5a21b86b5970558ccb9?s=96&d=mm&r=g","contentUrl":"https:\/\/secure.gravatar.com\/avatar\/94d2da9baf1c120061c11b0a099f82120de8b3dd2c62e5a21b86b5970558ccb9?s=96&d=mm&r=g","caption":"admin"},"sameAs":["https:\/\/dataprotectionsolutions.hu"],"url":"https:\/\/dataprotectionsolutions.hu\/en\/author\/admin\/"}]}},"_links":{"self":[{"href":"https:\/\/dataprotectionsolutions.hu\/en\/wp-json\/wp\/v2\/posts\/4141","targetHints":{"allow":["GET"]}}],"collection":[{"href":"https:\/\/dataprotectionsolutions.hu\/en\/wp-json\/wp\/v2\/posts"}],"about":[{"href":"https:\/\/dataprotectionsolutions.hu\/en\/wp-json\/wp\/v2\/types\/post"}],"author":[{"embeddable":true,"href":"https:\/\/dataprotectionsolutions.hu\/en\/wp-json\/wp\/v2\/users\/1"}],"replies":[{"embeddable":true,"href":"https:\/\/dataprotectionsolutions.hu\/en\/wp-json\/wp\/v2\/comments?post=4141"}],"version-history":[{"count":0,"href":"https:\/\/dataprotectionsolutions.hu\/en\/wp-json\/wp\/v2\/posts\/4141\/revisions"}],"wp:featuredmedia":[{"embeddable":true,"href":"https:\/\/dataprotectionsolutions.hu\/en\/wp-json\/wp\/v2\/media\/4142"}],"wp:attachment":[{"href":"https:\/\/dataprotectionsolutions.hu\/en\/wp-json\/wp\/v2\/media?parent=4141"}],"wp:term":[{"taxonomy":"category","embeddable":true,"href":"https:\/\/dataprotectionsolutions.hu\/en\/wp-json\/wp\/v2\/categories?post=4141"},{"taxonomy":"post_tag","embeddable":true,"href":"https:\/\/dataprotectionsolutions.hu\/en\/wp-json\/wp\/v2\/tags?post=4141"}],"curies":[{"name":"wp","href":"https:\/\/api.w.org\/{rel}","templated":true}]}}