{"id":4532,"date":"2022-06-09T07:11:53","date_gmt":"2022-06-09T07:11:53","guid":{"rendered":"https:\/\/dataprotectionsolutions.hu\/?p=4532"},"modified":"2022-11-28T15:52:58","modified_gmt":"2022-11-28T15:52:58","slug":"mire-figyeljunk-egy-munkahelyi-kamerarendszer-felszerelesekor","status":"publish","type":"post","link":"http:\/\/dataprotectionsolutions.hu\/en\/2022\/06\/09\/mire-figyeljunk-egy-munkahelyi-kamerarendszer-felszerelesekor\/","title":{"rendered":"Mire figyelj\u00fcnk egy munkahelyi kamerarendszer felszerel\u00e9sekor?"},"content":{"rendered":"<p><span style=\"font-weight: 400;\">A Nemzeti Adatv\u00e9delmi \u00e9s Inform\u00e1ci\u00f3szabads\u00e1g Hat\u00f3s\u00e1g (NAIH) legut\u00f3bbi<\/span><a href=\"https:\/\/naih.hu\/hatarozatok-vegzesek?download=521:munkahelyi-kameras-megfigyeles-jogalapjanak-es-arrol-valo-tajekoztatasnak-jogszerusege\"> <span style=\"font-weight: 400;\">hat\u00e1rozat<\/span><\/a><span style=\"font-weight: 400;\">\u00e1ban <\/span><b>500.000,-Ft adatv\u00e9delmi b\u00edrs\u00e1g megfizet\u00e9s\u00e9re k\u00f6telezett egy adatkezel\u0151t<\/b><span style=\"font-weight: 400;\">, ami\u00e9rt nem a megfelel\u0151 l\u00e1t\u00f3sz\u00f6ggel, jogalappal, adatkezel\u00e9si c\u00e9llal \u00e9s a megfelel\u0151 t\u00e1j\u00e9koztat\u00e1s mellett szerelt fel kamerarendszert a munkav\u00e9gz\u00e9s, illetve a pihen\u0151id\u0151 elt\u00f6lt\u00e9s\u00e9re szolg\u00e1l\u00f3 helyis\u00e9gekben.<\/span><\/p>\n<p>&nbsp;<\/p>\n<p><span style=\"font-weight: 400;\">Az adatkezel\u0151 3 kamer\u00e1t szerelt fel a k\u00f6zvetlen munkav\u00e9gz\u00e9sre rendelt helyis\u00e9gben, ahol aut\u00f3szerel\u00e9si munk\u00e1kat folytattak, valamint ott t\u00e1rolt\u00e1k a g\u00e9pkocsikat \u00e9s a szersz\u00e1mokat. Tov\u00e1bbi 1 kamer\u00e1t szereltek fel a rakt\u00e1rhelyis\u00e9gbe, ahol az ott t\u00e1rolt \u00e1rukat, szersz\u00e1mokat \u00e9s alkatr\u00e9szeket figyelt\u00e9k meg. 1 db kamera ker\u00fclt felszerel\u00e9sre, amellyel az \u00fcgyfelek fogad\u00e1s\u00e1ra szolg\u00e1l\u00f3 \u00fcgyf\u00e9lv\u00e1r\u00f3t \u00e9s irod\u00e1t figyelik meg, amelynek l\u00e1t\u00f3sz\u00f6ge a kassz\u00e1ra \u00e9s a bankk\u00e1rtyaleolvas\u00f3 termin\u00e1lra is ir\u00e1nyul. V\u00e9g\u00fcl m\u00e9g 1 kamera ker\u00fclt felszerel\u00e9sre, amely a konyhahelyis\u00e9get az eb\u00e9dl\u0151asztalra ir\u00e1ny\u00edtva figyeli meg.<\/span><\/p>\n<p>&nbsp;<\/p>\n<p><span style=\"font-weight: 400;\">A NAIH meg\u00e1llap\u00edtotta, hogy a l\u00e1t\u00f3sz\u00f6gek kialak\u00edt\u00e1sa miatt nem csak vagyont\u00e1rgyakat, hanem az ott tart\u00f3zkod\u00f3 munkav\u00e1llal\u00f3kat is megfigyeli az adatkezel\u0151, \u00edgy plusz k\u00f6telezetts\u00e9gekkel kell sz\u00e1molnia. A jogalapok tekintet\u00e9ben a NAIH kimondta, hogy <\/span><b>hib\u00e1s az \u00e9rintettek hozz\u00e1j\u00e1rul\u00e1s\u00e1n alapul\u00f3 adatkezel\u00e9s, hiszen az \u00f6nk\u00e9ntess\u00e9g nem val\u00f3sul meg, a munk\u00e1ltat\u00f3-munkav\u00e1llal\u00f3 viszony\u00e1ban<\/b><span style=\"font-weight: 400;\">. \u00cdgy az adatkezel\u00e9s <\/span><b>jogos \u00e9rdeken alapul\u00f3 alapulhat<\/b><span style=\"font-weight: 400;\">, amelyhez <\/span><b>\u00e9rdekm\u00e9rlegel\u00e9si tesztet<\/b><span style=\"font-weight: 400;\"> is kellett volna k\u00e9sz\u00edteni. Ebben a dokumentumban azonos\u00edtani kellett volna a munk\u00e1ltat\u00f3 jogos \u00e9rdek\u00e9t, a s\u00falyoz\u00e1s ellenpontj\u00e1t k\u00e9pez\u0151 munkav\u00e1llal\u00f3i \u00e9rdeket, \u00e9rintett alapjogot, azaz hogy a munk\u00e1ltat\u00f3 jogos \u00e9rdeke megel\u0151zi a munkav\u00e1llal\u00f3 szem\u00e9lyes adatok v\u00e9delm\u00e9hez f\u0171z\u0151d\u0151 jog\u00e1t. A kamerarendszer m\u0171k\u00f6d\u00e9s\u00e9t megalapoz\u00f3 szab\u00e1lyzatot is \u00fagy alak\u00edtotta ki az adatkezel\u0151, hogy k\u00fcl\u00f6nb\u00f6z\u0151 sablonok r\u00e9szeit v\u00e9letlenszer\u0171en \u00f6sszeoll\u00f3zta \u00e9s tal\u00e1lomra beillesztett jogszab\u00e1lyi hivatkoz\u00e1sokkal t\u00f6lt\u00f6tte meg.<\/span><\/p>\n<p>&nbsp;<\/p>\n<p><span style=\"font-weight: 400;\">Az adatkezel\u00e9si c\u00e9lok tekintet\u00e9ben a NAIH kiemelte, hogy abszol\u00fat korl\u00e1tj\u00e1nak tekintend\u0151 az emberi m\u00e9lt\u00f3s\u00e1g tiszteletben tart\u00e1sa, amelyb\u0151l k\u00f6vetkez\u0151en <\/span><b>kifejezett c\u00e9l sz\u00fcks\u00e9ges a kamerarendszer m\u0171k\u00f6dtet\u00e9s\u00e9hez<\/b><span style=\"font-weight: 400;\">. Teh\u00e1t bizonyos kiv\u00e9telekt\u0151l eltekintve nem lehet \u00f6n\u00e1ll\u00f3 c\u00e9lja az adatkezel\u00e9snek a munkav\u00e1llal\u00f3k \u00e9s azok tev\u00e9kenys\u00e9g\u00e9nek \u00e1lland\u00f3 megfigyel\u00e9se. A vagyonv\u00e9delmi c\u00e9l\u00fa megfigyel\u00e9s eset\u00e9n is minden kamera tekintet\u00e9ben meg kell hat\u00e1rozni azt a c\u00e9lt, amely m\u00e1s m\u00f3don nem \u00e9rhet\u0151 el, \u00e9s a l\u00e1t\u00f3sz\u00f6get pedig \u00fagy kell be\u00e1ll\u00edtani, hogy az ne v\u00e1ljon alkalmass\u00e1 a munkav\u00e1llal\u00f3k munkav\u00e9gz\u00e9s\u00e9nek megfigyel\u00e9s\u00e9re. Ugyan\u00edgy <\/span><b>nem lehet kamer\u00e1s megfigyel\u00e9st folytatni olyan helyis\u00e9gben, ahol a munkav\u00e1llal\u00f3k a munkak\u00f6zi sz\u00fcneteket t\u00f6ltik<\/b><span style=\"font-weight: 400;\">, kiv\u00e9ve ha v\u00e9dend\u0151, \u00e9rt\u00e9kes vagyont\u00e1rgy tal\u00e1lhat\u00f3 ott, \u00e9s ezzel \u00f6sszef\u00fcgg\u00e9sben igazolhat\u00f3 a munk\u00e1ltat\u00f3i \u00e9rdek. Az el\u0151bbiekb\u0151l j\u00f3l kiolvashat\u00f3, azonban \u00e9rdemes k\u00fcl\u00f6n felh\u00edvni a figyelmet arra, hogy <\/span><b>a c\u00e9lokat nem \u00e1ltal\u00e1noss\u00e1gban, hanem minden egyes kamera eset\u00e9ben k\u00fcl\u00f6n is meg kell hat\u00e1rozni<\/b><span style=\"font-weight: 400;\">. A NAIH \u00edgy t\u00f6bb esetben is jogs\u00e9rt\u00e9snek \u00edt\u00e9lte meg a felszerelt kamer\u00e1k elhelyez\u00e9s\u00e9t \u00e9s l\u00e1t\u00f3sz\u00f6geit.<\/span><\/p>\n<p>&nbsp;<\/p>\n<p><span style=\"font-weight: 400;\">A NAIH a t\u00e1j\u00e9koztat\u00e1s tekintet\u00e9ben kiemelte, hogy <\/span><b>a munkav\u00e1llal\u00f3kat az adatkezel\u00e9sr\u0151l megfelel\u0151, \u00e1tl\u00e1that\u00f3 \u00e9s k\u00f6nnyen \u00e9rtelmezhet\u0151 form\u00e1ban kell t\u00e1j\u00e9koztatn<\/b><span style=\"font-weight: 400;\">i. A t\u00e1j\u00e9koztat\u00e1sban t\u00f6bbek k\u00f6z\u00f6tt ki kell t\u00e9rni az elektronikus megfigyel\u0151rendszert \u00fczemeltet\u0151 szem\u00e9lyre \u00e9s el\u00e9rhet\u0151s\u00e9g\u00e9re; az egyes kamer\u00e1k elhelyez\u00e9s\u00e9re, c\u00e9lj\u00e1ra, az \u00e1ltaluk megfigyelt ter\u00fcletre, t\u00e1rgyra, illetve hogy a kamer\u00e1val k\u00f6zvetlen vagy r\u00f6gz\u00edtett megfigyel\u00e9st v\u00e9gez-e; az adatkezel\u00e9s jogalapj\u00e1ra stb. Voltak\u00e9ppen az eg\u00e9sz adatkezel\u00e9s akkor lesz jogszer\u0171, ha az adatkezel\u00e9s megkezd\u00e9se el\u0151tt megt\u00f6rt\u00e9nik a munkav\u00e1llal\u00f3k t\u00e1j\u00e9koztat\u00e1sa.<\/span><\/p>\n<p>&nbsp;<\/p>\n<p><span style=\"font-weight: 400;\">Az \u00fcgy r\u00e9szleteit <\/span><a href=\"https:\/\/naih.hu\/hatarozatok-vegzesek?download=521:munkahelyi-kameras-megfigyeles-jogalapjanak-es-arrol-valo-tajekoztatasnak-jogszerusege\"><span style=\"font-weight: 400;\">itt<\/span><\/a><span style=\"font-weight: 400;\"> \u00e9ri el.<\/span><a href=\"https:\/\/naih.hu\/hatarozatok-vegzesek?download=521:munkahelyi-kameras-megfigyeles-jogalapjanak-es-arrol-valo-tajekoztatasnak-jogszerusege\"><span style=\"font-weight: 400;\">\u00a0<\/span><\/a><\/p>\n<p><span style=\"font-weight: 400;\">A megfelel\u0151, \u00e1tl\u00e1that\u00f3 \u00e9s k\u00f6nnyen \u00e9rtelmezhet\u0151 t\u00e1j\u00e9koztat\u00e1s \u00e9rdek\u00e9ben vegye ig\u00e9nybe leg\u00fajabb<\/span><a href=\"https:\/\/dataprotectionsolutions.hu\/en\/legal-design\/\"> <span style=\"font-weight: 400;\">legal design<\/span><\/a><span style=\"font-weight: 400;\"> szolg\u00e1ltat\u00e1sunkat!<\/span><\/p>\n<p><span style=\"font-weight: 400;\">Amennyiben kamer\u00e1s megfigyel\u0151rendszert tervez felszerelni \u00fczem\u00e9be, v\u00e1llalkoz\u00e1s\u00e1ba, akkor keressen fel minket bizalommal, hiszen rengeteg p\u00e9nzt tud megsp\u00f3rolni a seg\u00edts\u00e9g\u00fcnkkel.<\/span><\/p>\n<p><span style=\"font-weight: 400;\">\u00a0<\/span><\/p>\n<p><span style=\"font-weight: 400;\">El\u00e9rhet\u0151s\u00e9geink:<\/span><\/p>\n<p><span style=\"font-weight: 400;\">E-mail c\u00edm: info@dataprotectionsolutions.hu<\/span><\/p>\n<p><span style=\"font-weight: 400;\">Tel.: +36-70\/325-0794<\/span><\/p>\n<p><span style=\"font-weight: 400;\">#dataprotectionsolutions #dps #adatvedelem <\/span><span style=\"font-weight: 400;\">#tanacsadas #gdpr #kamera<\/span><\/p>\n<p>&nbsp;<\/p>\n<p>Photo by\u00a0<a href=\"https:\/\/unsplash.com\/@sharp_shutter?utm_source=unsplash&amp;utm_medium=referral&amp;utm_content=creditCopyText\">Joe Gadd<\/a>\u00a0on\u00a0<a href=\"https:\/\/unsplash.com\/s\/photos\/privacy?utm_source=unsplash&amp;utm_medium=referral&amp;utm_content=creditCopyText\">Unsplash<\/a><\/p>","protected":false},"excerpt":{"rendered":"<p>A Nemzeti Adatv\u00e9delmi \u00e9s Inform\u00e1ci\u00f3szabads\u00e1g Hat\u00f3s\u00e1g (NAIH) legut\u00f3bbi hat\u00e1rozat\u00e1ban 500.000,-Ft adatv\u00e9delmi b\u00edrs\u00e1g megfizet\u00e9s\u00e9re k\u00f6telezett egy adatkezel\u0151t, ami\u00e9rt nem a megfelel\u0151 l\u00e1t\u00f3sz\u00f6ggel, jogalappal, adatkezel\u00e9si c\u00e9llal \u00e9s a megfelel\u0151 t\u00e1j\u00e9koztat\u00e1s mellett szerelt fel kamerarendszert a munkav\u00e9gz\u00e9s, illetve a pihen\u0151id\u0151 elt\u00f6lt\u00e9s\u00e9re szolg\u00e1l\u00f3 helyis\u00e9gekben. &nbsp; Az adatkezel\u0151 3 kamer\u00e1t szerelt fel a k\u00f6zvetlen munkav\u00e9gz\u00e9sre rendelt helyis\u00e9gben, ahol aut\u00f3szerel\u00e9si munk\u00e1kat [&hellip;]<\/p>\n","protected":false},"author":1,"featured_media":4534,"comment_status":"closed","ping_status":"closed","sticky":false,"template":"","format":"standard","meta":{"site-sidebar-layout":"default","site-content-layout":"default","ast-site-content-layout":"default","site-content-style":"default","site-sidebar-style":"default","ast-global-header-display":"","ast-banner-title-visibility":"","ast-main-header-display":"","ast-hfb-above-header-display":"","ast-hfb-below-header-display":"","ast-hfb-mobile-header-display":"","site-post-title":"","ast-breadcrumbs-content":"","ast-featured-img":"","footer-sml-layout":"","ast-disable-related-posts":"","theme-transparent-header-meta":"default","adv-header-id-meta":"","stick-header-meta":"","header-above-stick-meta":"","header-main-stick-meta":"","header-below-stick-meta":"","astra-migrate-meta-layouts":"default","ast-page-background-enabled":"default","ast-page-background-meta":{"desktop":{"background-color":"var(--ast-global-color-4)","background-image":"","background-repeat":"repeat","background-position":"center center","background-size":"auto","background-attachment":"scroll","background-type":"","background-media":"","overlay-type":"","overlay-color":"","overlay-opacity":"","overlay-gradient":""},"tablet":{"background-color":"","background-image":"","background-repeat":"repeat","background-position":"center center","background-size":"auto","background-attachment":"scroll","background-type":"","background-media":"","overlay-type":"","overlay-color":"","overlay-opacity":"","overlay-gradient":""},"mobile":{"background-color":"","background-image":"","background-repeat":"repeat","background-position":"center center","background-size":"auto","background-attachment":"scroll","background-type":"","background-media":"","overlay-type":"","overlay-color":"","overlay-opacity":"","overlay-gradient":""}},"ast-content-background-meta":{"desktop":{"background-color":"var(--ast-global-color-5)","background-image":"","background-repeat":"repeat","background-position":"center center","background-size":"auto","background-attachment":"scroll","background-type":"","background-media":"","overlay-type":"","overlay-color":"","overlay-opacity":"","overlay-gradient":""},"tablet":{"background-color":"var(--ast-global-color-5)","background-image":"","background-repeat":"repeat","background-position":"center center","background-size":"auto","background-attachment":"scroll","background-type":"","background-media":"","overlay-type":"","overlay-color":"","overlay-opacity":"","overlay-gradient":""},"mobile":{"background-color":"var(--ast-global-color-5)","background-image":"","background-repeat":"repeat","background-position":"center center","background-size":"auto","background-attachment":"scroll","background-type":"","background-media":"","overlay-type":"","overlay-color":"","overlay-opacity":"","overlay-gradient":""}},"footnotes":""},"categories":[1],"tags":[20],"class_list":["post-4532","post","type-post","status-publish","format-standard","has-post-thumbnail","hentry","category-blog-hu","tag-magyar"],"yoast_head":"<!-- This site is optimized with the Yoast SEO plugin v27.5 - https:\/\/yoast.com\/product\/yoast-seo-wordpress\/ -->\n<title>Mire figyelj\u00fcnk egy munkahelyi kamerarendszer felszerel\u00e9sekor?<\/title>\n<meta name=\"description\" content=\"A Nemzeti Adatv\u00e9delmi \u00e9s Inform\u00e1ci\u00f3szabads\u00e1g Hat\u00f3s\u00e1g (NAIH) legut\u00f3bbi hat\u00e1rozat\u00e1ban 500.000,-Ft adatv\u00e9delmi b\u00edrs\u00e1g megfizet\u00e9s\u00e9re k\u00f6telezett...\" \/>\n<meta name=\"robots\" content=\"index, follow, max-snippet:-1, max-image-preview:large, max-video-preview:-1\" \/>\n<link rel=\"canonical\" href=\"https:\/\/dataprotectionsolutions.hu\/en\/2022\/06\/09\/mire-figyeljunk-egy-munkahelyi-kamerarendszer-felszerelesekor\/\" \/>\n<meta property=\"og:locale\" content=\"en_US\" \/>\n<meta property=\"og:type\" content=\"article\" \/>\n<meta property=\"og:title\" content=\"Mire figyelj\u00fcnk egy munkahelyi kamerarendszer felszerel\u00e9sekor?\" \/>\n<meta property=\"og:description\" content=\"A Nemzeti Adatv\u00e9delmi \u00e9s Inform\u00e1ci\u00f3szabads\u00e1g Hat\u00f3s\u00e1g (NAIH) legut\u00f3bbi hat\u00e1rozat\u00e1ban 500.000,-Ft adatv\u00e9delmi b\u00edrs\u00e1g megfizet\u00e9s\u00e9re k\u00f6telezett...\" \/>\n<meta property=\"og:url\" content=\"https:\/\/dataprotectionsolutions.hu\/en\/2022\/06\/09\/mire-figyeljunk-egy-munkahelyi-kamerarendszer-felszerelesekor\/\" \/>\n<meta property=\"og:site_name\" content=\"Data Protection Solutions\" \/>\n<meta property=\"article:published_time\" content=\"2022-06-09T07:11:53+00:00\" \/>\n<meta property=\"article:modified_time\" content=\"2022-11-28T15:52:58+00:00\" \/>\n<meta property=\"og:image\" content=\"https:\/\/dataprotectionsolutions.hu\/wp-content\/uploads\/2022\/06\/joe-gadd-DYLsNF8hNho-unsplash.jpg\" \/>\n\t<meta property=\"og:image:width\" content=\"1920\" \/>\n\t<meta property=\"og:image:height\" content=\"1280\" \/>\n\t<meta property=\"og:image:type\" content=\"image\/jpeg\" \/>\n<meta name=\"author\" content=\"admin\" \/>\n<meta name=\"twitter:card\" content=\"summary_large_image\" \/>\n<meta name=\"twitter:label1\" content=\"Written by\" \/>\n\t<meta name=\"twitter:data1\" content=\"admin\" \/>\n\t<meta name=\"twitter:label2\" content=\"Est. reading time\" \/>\n\t<meta name=\"twitter:data2\" content=\"3 minutes\" \/>\n<script type=\"application\/ld+json\" class=\"yoast-schema-graph\">{\"@context\":\"https:\\\/\\\/schema.org\",\"@graph\":[{\"@type\":\"Article\",\"@id\":\"https:\\\/\\\/dataprotectionsolutions.hu\\\/2022\\\/06\\\/09\\\/mire-figyeljunk-egy-munkahelyi-kamerarendszer-felszerelesekor\\\/#article\",\"isPartOf\":{\"@id\":\"https:\\\/\\\/dataprotectionsolutions.hu\\\/2022\\\/06\\\/09\\\/mire-figyeljunk-egy-munkahelyi-kamerarendszer-felszerelesekor\\\/\"},\"author\":{\"name\":\"admin\",\"@id\":\"https:\\\/\\\/dataprotectionsolutions.hu\\\/#\\\/schema\\\/person\\\/aa891b846c16517d56b1706074423087\"},\"headline\":\"Mire figyelj\u00fcnk egy munkahelyi kamerarendszer felszerel\u00e9sekor?\",\"datePublished\":\"2022-06-09T07:11:53+00:00\",\"dateModified\":\"2022-11-28T15:52:58+00:00\",\"mainEntityOfPage\":{\"@id\":\"https:\\\/\\\/dataprotectionsolutions.hu\\\/2022\\\/06\\\/09\\\/mire-figyeljunk-egy-munkahelyi-kamerarendszer-felszerelesekor\\\/\"},\"wordCount\":850,\"publisher\":{\"@id\":\"https:\\\/\\\/dataprotectionsolutions.hu\\\/#organization\"},\"image\":{\"@id\":\"https:\\\/\\\/dataprotectionsolutions.hu\\\/2022\\\/06\\\/09\\\/mire-figyeljunk-egy-munkahelyi-kamerarendszer-felszerelesekor\\\/#primaryimage\"},\"thumbnailUrl\":\"https:\\\/\\\/dataprotectionsolutions.hu\\\/wp-content\\\/uploads\\\/2022\\\/06\\\/joe-gadd-DYLsNF8hNho-unsplash.jpg\",\"keywords\":[\"magyar\"],\"articleSection\":[\"Blog-HU\"],\"inLanguage\":\"en-US\"},{\"@type\":\"WebPage\",\"@id\":\"https:\\\/\\\/dataprotectionsolutions.hu\\\/2022\\\/06\\\/09\\\/mire-figyeljunk-egy-munkahelyi-kamerarendszer-felszerelesekor\\\/\",\"url\":\"https:\\\/\\\/dataprotectionsolutions.hu\\\/2022\\\/06\\\/09\\\/mire-figyeljunk-egy-munkahelyi-kamerarendszer-felszerelesekor\\\/\",\"name\":\"Mire figyelj\u00fcnk egy munkahelyi kamerarendszer felszerel\u00e9sekor?\",\"isPartOf\":{\"@id\":\"https:\\\/\\\/dataprotectionsolutions.hu\\\/#website\"},\"primaryImageOfPage\":{\"@id\":\"https:\\\/\\\/dataprotectionsolutions.hu\\\/2022\\\/06\\\/09\\\/mire-figyeljunk-egy-munkahelyi-kamerarendszer-felszerelesekor\\\/#primaryimage\"},\"image\":{\"@id\":\"https:\\\/\\\/dataprotectionsolutions.hu\\\/2022\\\/06\\\/09\\\/mire-figyeljunk-egy-munkahelyi-kamerarendszer-felszerelesekor\\\/#primaryimage\"},\"thumbnailUrl\":\"https:\\\/\\\/dataprotectionsolutions.hu\\\/wp-content\\\/uploads\\\/2022\\\/06\\\/joe-gadd-DYLsNF8hNho-unsplash.jpg\",\"datePublished\":\"2022-06-09T07:11:53+00:00\",\"dateModified\":\"2022-11-28T15:52:58+00:00\",\"description\":\"A Nemzeti Adatv\u00e9delmi \u00e9s Inform\u00e1ci\u00f3szabads\u00e1g Hat\u00f3s\u00e1g (NAIH) legut\u00f3bbi hat\u00e1rozat\u00e1ban 500.000,-Ft adatv\u00e9delmi b\u00edrs\u00e1g megfizet\u00e9s\u00e9re k\u00f6telezett...\",\"breadcrumb\":{\"@id\":\"https:\\\/\\\/dataprotectionsolutions.hu\\\/2022\\\/06\\\/09\\\/mire-figyeljunk-egy-munkahelyi-kamerarendszer-felszerelesekor\\\/#breadcrumb\"},\"inLanguage\":\"en-US\",\"potentialAction\":[{\"@type\":\"ReadAction\",\"target\":[\"https:\\\/\\\/dataprotectionsolutions.hu\\\/2022\\\/06\\\/09\\\/mire-figyeljunk-egy-munkahelyi-kamerarendszer-felszerelesekor\\\/\"]}]},{\"@type\":\"ImageObject\",\"inLanguage\":\"en-US\",\"@id\":\"https:\\\/\\\/dataprotectionsolutions.hu\\\/2022\\\/06\\\/09\\\/mire-figyeljunk-egy-munkahelyi-kamerarendszer-felszerelesekor\\\/#primaryimage\",\"url\":\"https:\\\/\\\/dataprotectionsolutions.hu\\\/wp-content\\\/uploads\\\/2022\\\/06\\\/joe-gadd-DYLsNF8hNho-unsplash.jpg\",\"contentUrl\":\"https:\\\/\\\/dataprotectionsolutions.hu\\\/wp-content\\\/uploads\\\/2022\\\/06\\\/joe-gadd-DYLsNF8hNho-unsplash.jpg\",\"width\":1920,\"height\":1280},{\"@type\":\"BreadcrumbList\",\"@id\":\"https:\\\/\\\/dataprotectionsolutions.hu\\\/2022\\\/06\\\/09\\\/mire-figyeljunk-egy-munkahelyi-kamerarendszer-felszerelesekor\\\/#breadcrumb\",\"itemListElement\":[{\"@type\":\"ListItem\",\"position\":1,\"name\":\"Kezd\u0151lap\",\"item\":\"https:\\\/\\\/dataprotectionsolutions.hu\\\/\"},{\"@type\":\"ListItem\",\"position\":2,\"name\":\"Mire figyelj\u00fcnk egy munkahelyi kamerarendszer felszerel\u00e9sekor?\"}]},{\"@type\":\"WebSite\",\"@id\":\"https:\\\/\\\/dataprotectionsolutions.hu\\\/#website\",\"url\":\"https:\\\/\\\/dataprotectionsolutions.hu\\\/\",\"name\":\"Data Protection Solutions\",\"description\":\"Adatv\u00e9delmi tan\u00e1csad\u00e1s\",\"publisher\":{\"@id\":\"https:\\\/\\\/dataprotectionsolutions.hu\\\/#organization\"},\"potentialAction\":[{\"@type\":\"SearchAction\",\"target\":{\"@type\":\"EntryPoint\",\"urlTemplate\":\"https:\\\/\\\/dataprotectionsolutions.hu\\\/?s={search_term_string}\"},\"query-input\":{\"@type\":\"PropertyValueSpecification\",\"valueRequired\":true,\"valueName\":\"search_term_string\"}}],\"inLanguage\":\"en-US\"},{\"@type\":\"Organization\",\"@id\":\"https:\\\/\\\/dataprotectionsolutions.hu\\\/#organization\",\"name\":\"Data Protection Solutions\",\"url\":\"https:\\\/\\\/dataprotectionsolutions.hu\\\/\",\"logo\":{\"@type\":\"ImageObject\",\"inLanguage\":\"en-US\",\"@id\":\"https:\\\/\\\/dataprotectionsolutions.hu\\\/#\\\/schema\\\/logo\\\/image\\\/\",\"url\":\"https:\\\/\\\/dataprotectionsolutions.hu\\\/wp-content\\\/uploads\\\/2021\\\/06\\\/logo_finalkek_szoveggel-hatter.png\",\"contentUrl\":\"https:\\\/\\\/dataprotectionsolutions.hu\\\/wp-content\\\/uploads\\\/2021\\\/06\\\/logo_finalkek_szoveggel-hatter.png\",\"width\":1605,\"height\":1560,\"caption\":\"Data Protection Solutions\"},\"image\":{\"@id\":\"https:\\\/\\\/dataprotectionsolutions.hu\\\/#\\\/schema\\\/logo\\\/image\\\/\"}},{\"@type\":\"Person\",\"@id\":\"https:\\\/\\\/dataprotectionsolutions.hu\\\/#\\\/schema\\\/person\\\/aa891b846c16517d56b1706074423087\",\"name\":\"admin\",\"image\":{\"@type\":\"ImageObject\",\"inLanguage\":\"en-US\",\"@id\":\"https:\\\/\\\/secure.gravatar.com\\\/avatar\\\/94d2da9baf1c120061c11b0a099f82120de8b3dd2c62e5a21b86b5970558ccb9?s=96&d=mm&r=g\",\"url\":\"https:\\\/\\\/secure.gravatar.com\\\/avatar\\\/94d2da9baf1c120061c11b0a099f82120de8b3dd2c62e5a21b86b5970558ccb9?s=96&d=mm&r=g\",\"contentUrl\":\"https:\\\/\\\/secure.gravatar.com\\\/avatar\\\/94d2da9baf1c120061c11b0a099f82120de8b3dd2c62e5a21b86b5970558ccb9?s=96&d=mm&r=g\",\"caption\":\"admin\"},\"sameAs\":[\"https:\\\/\\\/dataprotectionsolutions.hu\"],\"url\":\"http:\\\/\\\/dataprotectionsolutions.hu\\\/en\\\/author\\\/admin\\\/\"}]}<\/script>\n<!-- \/ Yoast SEO plugin. -->","yoast_head_json":{"title":"Mire figyelj\u00fcnk egy munkahelyi kamerarendszer felszerel\u00e9sekor?","description":"A Nemzeti Adatv\u00e9delmi \u00e9s Inform\u00e1ci\u00f3szabads\u00e1g Hat\u00f3s\u00e1g (NAIH) legut\u00f3bbi hat\u00e1rozat\u00e1ban 500.000,-Ft adatv\u00e9delmi b\u00edrs\u00e1g megfizet\u00e9s\u00e9re k\u00f6telezett...","robots":{"index":"index","follow":"follow","max-snippet":"max-snippet:-1","max-image-preview":"max-image-preview:large","max-video-preview":"max-video-preview:-1"},"canonical":"https:\/\/dataprotectionsolutions.hu\/en\/2022\/06\/09\/mire-figyeljunk-egy-munkahelyi-kamerarendszer-felszerelesekor\/","og_locale":"en_US","og_type":"article","og_title":"Mire figyelj\u00fcnk egy munkahelyi kamerarendszer felszerel\u00e9sekor?","og_description":"A Nemzeti Adatv\u00e9delmi \u00e9s Inform\u00e1ci\u00f3szabads\u00e1g Hat\u00f3s\u00e1g (NAIH) legut\u00f3bbi hat\u00e1rozat\u00e1ban 500.000,-Ft adatv\u00e9delmi b\u00edrs\u00e1g megfizet\u00e9s\u00e9re k\u00f6telezett...","og_url":"https:\/\/dataprotectionsolutions.hu\/en\/2022\/06\/09\/mire-figyeljunk-egy-munkahelyi-kamerarendszer-felszerelesekor\/","og_site_name":"Data Protection Solutions","article_published_time":"2022-06-09T07:11:53+00:00","article_modified_time":"2022-11-28T15:52:58+00:00","og_image":[{"width":1920,"height":1280,"url":"https:\/\/dataprotectionsolutions.hu\/wp-content\/uploads\/2022\/06\/joe-gadd-DYLsNF8hNho-unsplash.jpg","type":"image\/jpeg"}],"author":"admin","twitter_card":"summary_large_image","twitter_misc":{"Written by":"admin","Est. reading time":"3 minutes"},"schema":{"@context":"https:\/\/schema.org","@graph":[{"@type":"Article","@id":"https:\/\/dataprotectionsolutions.hu\/2022\/06\/09\/mire-figyeljunk-egy-munkahelyi-kamerarendszer-felszerelesekor\/#article","isPartOf":{"@id":"https:\/\/dataprotectionsolutions.hu\/2022\/06\/09\/mire-figyeljunk-egy-munkahelyi-kamerarendszer-felszerelesekor\/"},"author":{"name":"admin","@id":"https:\/\/dataprotectionsolutions.hu\/#\/schema\/person\/aa891b846c16517d56b1706074423087"},"headline":"Mire figyelj\u00fcnk egy munkahelyi kamerarendszer felszerel\u00e9sekor?","datePublished":"2022-06-09T07:11:53+00:00","dateModified":"2022-11-28T15:52:58+00:00","mainEntityOfPage":{"@id":"https:\/\/dataprotectionsolutions.hu\/2022\/06\/09\/mire-figyeljunk-egy-munkahelyi-kamerarendszer-felszerelesekor\/"},"wordCount":850,"publisher":{"@id":"https:\/\/dataprotectionsolutions.hu\/#organization"},"image":{"@id":"https:\/\/dataprotectionsolutions.hu\/2022\/06\/09\/mire-figyeljunk-egy-munkahelyi-kamerarendszer-felszerelesekor\/#primaryimage"},"thumbnailUrl":"https:\/\/dataprotectionsolutions.hu\/wp-content\/uploads\/2022\/06\/joe-gadd-DYLsNF8hNho-unsplash.jpg","keywords":["magyar"],"articleSection":["Blog-HU"],"inLanguage":"en-US"},{"@type":"WebPage","@id":"https:\/\/dataprotectionsolutions.hu\/2022\/06\/09\/mire-figyeljunk-egy-munkahelyi-kamerarendszer-felszerelesekor\/","url":"https:\/\/dataprotectionsolutions.hu\/2022\/06\/09\/mire-figyeljunk-egy-munkahelyi-kamerarendszer-felszerelesekor\/","name":"Mire figyelj\u00fcnk egy munkahelyi kamerarendszer felszerel\u00e9sekor?","isPartOf":{"@id":"https:\/\/dataprotectionsolutions.hu\/#website"},"primaryImageOfPage":{"@id":"https:\/\/dataprotectionsolutions.hu\/2022\/06\/09\/mire-figyeljunk-egy-munkahelyi-kamerarendszer-felszerelesekor\/#primaryimage"},"image":{"@id":"https:\/\/dataprotectionsolutions.hu\/2022\/06\/09\/mire-figyeljunk-egy-munkahelyi-kamerarendszer-felszerelesekor\/#primaryimage"},"thumbnailUrl":"https:\/\/dataprotectionsolutions.hu\/wp-content\/uploads\/2022\/06\/joe-gadd-DYLsNF8hNho-unsplash.jpg","datePublished":"2022-06-09T07:11:53+00:00","dateModified":"2022-11-28T15:52:58+00:00","description":"A Nemzeti Adatv\u00e9delmi \u00e9s Inform\u00e1ci\u00f3szabads\u00e1g Hat\u00f3s\u00e1g (NAIH) legut\u00f3bbi hat\u00e1rozat\u00e1ban 500.000,-Ft adatv\u00e9delmi b\u00edrs\u00e1g megfizet\u00e9s\u00e9re k\u00f6telezett...","breadcrumb":{"@id":"https:\/\/dataprotectionsolutions.hu\/2022\/06\/09\/mire-figyeljunk-egy-munkahelyi-kamerarendszer-felszerelesekor\/#breadcrumb"},"inLanguage":"en-US","potentialAction":[{"@type":"ReadAction","target":["https:\/\/dataprotectionsolutions.hu\/2022\/06\/09\/mire-figyeljunk-egy-munkahelyi-kamerarendszer-felszerelesekor\/"]}]},{"@type":"ImageObject","inLanguage":"en-US","@id":"https:\/\/dataprotectionsolutions.hu\/2022\/06\/09\/mire-figyeljunk-egy-munkahelyi-kamerarendszer-felszerelesekor\/#primaryimage","url":"https:\/\/dataprotectionsolutions.hu\/wp-content\/uploads\/2022\/06\/joe-gadd-DYLsNF8hNho-unsplash.jpg","contentUrl":"https:\/\/dataprotectionsolutions.hu\/wp-content\/uploads\/2022\/06\/joe-gadd-DYLsNF8hNho-unsplash.jpg","width":1920,"height":1280},{"@type":"BreadcrumbList","@id":"https:\/\/dataprotectionsolutions.hu\/2022\/06\/09\/mire-figyeljunk-egy-munkahelyi-kamerarendszer-felszerelesekor\/#breadcrumb","itemListElement":[{"@type":"ListItem","position":1,"name":"Kezd\u0151lap","item":"https:\/\/dataprotectionsolutions.hu\/"},{"@type":"ListItem","position":2,"name":"Mire figyelj\u00fcnk egy munkahelyi kamerarendszer felszerel\u00e9sekor?"}]},{"@type":"WebSite","@id":"https:\/\/dataprotectionsolutions.hu\/#website","url":"https:\/\/dataprotectionsolutions.hu\/","name":"Data Protection Solutions","description":"Data protection consultancy","publisher":{"@id":"https:\/\/dataprotectionsolutions.hu\/#organization"},"potentialAction":[{"@type":"SearchAction","target":{"@type":"EntryPoint","urlTemplate":"https:\/\/dataprotectionsolutions.hu\/?s={search_term_string}"},"query-input":{"@type":"PropertyValueSpecification","valueRequired":true,"valueName":"search_term_string"}}],"inLanguage":"en-US"},{"@type":"Organization","@id":"https:\/\/dataprotectionsolutions.hu\/#organization","name":"Data Protection Solutions","url":"https:\/\/dataprotectionsolutions.hu\/","logo":{"@type":"ImageObject","inLanguage":"en-US","@id":"https:\/\/dataprotectionsolutions.hu\/#\/schema\/logo\/image\/","url":"https:\/\/dataprotectionsolutions.hu\/wp-content\/uploads\/2021\/06\/logo_finalkek_szoveggel-hatter.png","contentUrl":"https:\/\/dataprotectionsolutions.hu\/wp-content\/uploads\/2021\/06\/logo_finalkek_szoveggel-hatter.png","width":1605,"height":1560,"caption":"Data Protection Solutions"},"image":{"@id":"https:\/\/dataprotectionsolutions.hu\/#\/schema\/logo\/image\/"}},{"@type":"Person","@id":"https:\/\/dataprotectionsolutions.hu\/#\/schema\/person\/aa891b846c16517d56b1706074423087","name":"admin","image":{"@type":"ImageObject","inLanguage":"en-US","@id":"https:\/\/secure.gravatar.com\/avatar\/94d2da9baf1c120061c11b0a099f82120de8b3dd2c62e5a21b86b5970558ccb9?s=96&d=mm&r=g","url":"https:\/\/secure.gravatar.com\/avatar\/94d2da9baf1c120061c11b0a099f82120de8b3dd2c62e5a21b86b5970558ccb9?s=96&d=mm&r=g","contentUrl":"https:\/\/secure.gravatar.com\/avatar\/94d2da9baf1c120061c11b0a099f82120de8b3dd2c62e5a21b86b5970558ccb9?s=96&d=mm&r=g","caption":"admin"},"sameAs":["https:\/\/dataprotectionsolutions.hu"],"url":"http:\/\/dataprotectionsolutions.hu\/en\/author\/admin\/"}]}},"_links":{"self":[{"href":"http:\/\/dataprotectionsolutions.hu\/en\/wp-json\/wp\/v2\/posts\/4532","targetHints":{"allow":["GET"]}}],"collection":[{"href":"http:\/\/dataprotectionsolutions.hu\/en\/wp-json\/wp\/v2\/posts"}],"about":[{"href":"http:\/\/dataprotectionsolutions.hu\/en\/wp-json\/wp\/v2\/types\/post"}],"author":[{"embeddable":true,"href":"http:\/\/dataprotectionsolutions.hu\/en\/wp-json\/wp\/v2\/users\/1"}],"replies":[{"embeddable":true,"href":"http:\/\/dataprotectionsolutions.hu\/en\/wp-json\/wp\/v2\/comments?post=4532"}],"version-history":[{"count":0,"href":"http:\/\/dataprotectionsolutions.hu\/en\/wp-json\/wp\/v2\/posts\/4532\/revisions"}],"wp:featuredmedia":[{"embeddable":true,"href":"http:\/\/dataprotectionsolutions.hu\/en\/wp-json\/wp\/v2\/media\/4534"}],"wp:attachment":[{"href":"http:\/\/dataprotectionsolutions.hu\/en\/wp-json\/wp\/v2\/media?parent=4532"}],"wp:term":[{"taxonomy":"category","embeddable":true,"href":"http:\/\/dataprotectionsolutions.hu\/en\/wp-json\/wp\/v2\/categories?post=4532"},{"taxonomy":"post_tag","embeddable":true,"href":"http:\/\/dataprotectionsolutions.hu\/en\/wp-json\/wp\/v2\/tags?post=4532"}],"curies":[{"name":"wp","href":"https:\/\/api.w.org\/{rel}","templated":true}]}}